[{"@context":"https:\/\/schema.org\/","@type":"Article","@id":"https:\/\/www.ruti.cz\/prodejni-podminky\/#Article","mainEntityOfPage":"https:\/\/www.ruti.cz\/prodejni-podminky\/","headline":"Prodejn\u00ed podm\u00ednky","name":"Prodejn\u00ed podm\u00ednky","description":"V\u017edycky jsem si \u0159\u00edkala, \u017ee kdy\u017e jsou v\u0161ude dobr\u00e9 vztahy, tak v\u0161echno bude perfektn\u00ed. Nen\u00ed opravdu nic hor\u0161\u00edho, kdy\u017e m\u00e1te n\u011bkde \u0161patn\u00e9 vztahy a potom pot\u0159ebujete s t\u00edm doty\u010dn\u00fdm n\u011bco \u0159e\u0161it. J\u00e1 jsem v\u017edycky byla takov\u00e1, \u017ee jsem cht\u011bla s ka\u017ed\u00fdm vych\u00e1zet a cht\u011bla jsem m\u00edt celou pr\u00e1ci v\u017edycky v po\u0159\u00e1dku. A to taky v\u010detn\u011b objedn\u00e1vek. Proto\u017ee kdy\u017e jsem si v\u017edycky n\u011bco cht\u011bla objednat, pe\u010dliv\u011b jsem se v\u017edycky p\u0159e\u010detla v\u0161echny v\u0161eobecn\u00e9 obchodn\u00ed podm\u00ednky. Nen\u00ed toti\u017e nic hor\u0161\u00edho, ne\u017e kdy\u017e si objedn\u00e1te n\u011bjak\u00e9 zbo\u017e\u00ed a p\u0159ijde v\u00e1m absolutn\u00ed \u0161mejd. Nebo si objedn\u00e1te n\u011bco, co v\u00e1m nesed\u00ed, tak chcete v\u00fdm\u011bnu. Kdy\u017e si t\u0159eba nap\u0159\u00edklad nep\u0159e\u010dtete kvalitn\u011b v\u0161eobecn\u00e9<!--hoot-read-more-quicktag-->","datePublished":"2022-10-16","dateModified":"2022-10-16","author":{"@type":"Person","@id":"https:\/\/www.ruti.cz\/author\/#Person","name":"","url":"https:\/\/www.ruti.cz\/author\/","identifier":1,"image":{"@type":"ImageObject","@id":"https:\/\/secure.gravatar.com\/avatar\/188853cc08cfc4af3f5ef42e51d7aa754653be0300e41daf30a10471d44d4592?s=96&d=mm&r=g","url":"https:\/\/secure.gravatar.com\/avatar\/188853cc08cfc4af3f5ef42e51d7aa754653be0300e41daf30a10471d44d4592?s=96&d=mm&r=g","height":96,"width":96}},"publisher":{"@type":"Organization","name":"ruti.cz","logo":{"@type":"ImageObject","@id":"\/logo.png","url":"\/logo.png","width":600,"height":60}},"image":{"@type":"ImageObject","@id":"https:\/\/www.ruti.cz\/wp-content\/uploads\/terms-and-conditions-of-use-7199836_960_720.jpg","url":"https:\/\/www.ruti.cz\/wp-content\/uploads\/terms-and-conditions-of-use-7199836_960_720.jpg","height":0,"width":0},"url":"https:\/\/www.ruti.cz\/prodejni-podminky\/","about":["Slu\u017eby"],"wordCount":410,"articleBody":"        V\u017edycky jsem si \u0159\u00edkala, \u017ee kdy\u017e jsou v\u0161ude dobr\u00e9 vztahy, tak v\u0161echno bude perfektn\u00ed. Nen\u00ed opravdu nic hor\u0161\u00edho, kdy\u017e m\u00e1te n\u011bkde \u0161patn\u00e9 vztahy a potom pot\u0159ebujete s t\u00edm doty\u010dn\u00fdm n\u011bco \u0159e\u0161it. J\u00e1 jsem v\u017edycky byla takov\u00e1, \u017ee jsem cht\u011bla s ka\u017ed\u00fdm vych\u00e1zet a cht\u011bla jsem m\u00edt celou pr\u00e1ci v\u017edycky v po\u0159\u00e1dku. A to taky v\u010detn\u011b objedn\u00e1vek. Proto\u017ee kdy\u017e jsem si v\u017edycky n\u011bco cht\u011bla objednat, pe\u010dliv\u011b jsem se v\u017edycky p\u0159e\u010detla v\u0161echny v\u0161eobecn\u00e9 obchodn\u00ed podm\u00ednky. Nen\u00ed toti\u017e nic hor\u0161\u00edho, ne\u017e kdy\u017e si objedn\u00e1te n\u011bjak\u00e9 zbo\u017e\u00ed a p\u0159ijde v\u00e1m absolutn\u00ed \u0161mejd. Nebo si objedn\u00e1te n\u011bco, co v\u00e1m nesed\u00ed, tak chcete v\u00fdm\u011bnu.Kdy\u017e si t\u0159eba nap\u0159\u00edklad nep\u0159e\u010dtete kvalitn\u011b v\u0161eobecn\u00e9 obchodn\u00ed podm\u00ednky, tak taky m\u016f\u017eete nalet\u011bt. Prodejce v\u00e1m t\u0159eba nemus\u00ed vyreklamovat danou v\u011bc pro, proto\u017ee si \u0159ekne, \u017ee jste j\u00ed u\u017e pou\u017e\u00edvali. Proto je opravdu lep\u0161\u00ed si p\u0159e\u010d\u00edst v\u0161eobecn\u00e9 obchodn\u00ed podm\u00ednky. A neplat\u00ed to jenom p\u0159i n\u00e1kupu oble\u010den\u00ed anebo dal\u0161\u00edho zbo\u017e\u00ed. Plat\u00ed to t\u0159eba taky pokud si chcete pronajmout kontejner anebo n\u011bco koupit. Nap\u0159\u00edklad p\u0159i n\u00e1kupu kontejner\u016f dbejte na to, abyste si opravdu vzali velikost, jakou pot\u0159ebujete.A nezapome\u0148te na to, \u017ee kontejnery jsou opravdu velmi drah\u00e9, tak\u017ee se ujist\u011bte, \u017ee opravdu kontejner vyu\u017eijete na sto procent. Proto\u017ee na webov\u00fdch str\u00e1nk\u00e1ch si m\u016f\u017eete tak\u00e9 kontejner pronajmout. A sta\u010d\u00ed se pod\u00edvat na jejich skv\u011bl\u00e9 str\u00e1nky, kde uvid\u00edte, co v\u0161echno firma nab\u00edz\u00ed. tady budete alespo\u0148 v\u011bd\u011bt, na \u010dem jste. A nejlep\u0161\u00ed tady taky je, \u017ee v\u00e1m p\u0159i spr\u00e1vn\u00e9m v\u00fdb\u011bru ochotn\u00ed zam\u011bstnanci moc r\u00e1di porad\u00ed a doporu\u010d\u00ed pro v\u00e1s to, co bude nejlep\u0161\u00ed, aby spokojenost byla na obou stran\u00e1ch. Mysl\u00edm si, \u017ee opravdu kvalitn\u00ed prodejce si s v\u00e1mi sedne a v\u0161echno s v\u00e1mi pravd\u011bpodobn\u011b, abyste byli maxim\u00e1ln\u011b spokojen\u00ed. A taky v\u00e1m nech\u00e1 v klidu si p\u0159e\u010d\u00edst v\u0161eobecn\u00e9 obchodn\u00ed podm\u00ednky, abyste m\u011bli jistotu, s k\u00fdm m\u00e1te tu \u010dest. \u010ctete pravideln\u011b v\u0161echny podm\u00ednky n\u00e1kupu.                                                                                                                                                                                                                                                                                                                                                                                                  "},{"@context":"https:\/\/schema.org\/","@type":"BreadcrumbList","itemListElement":[{"@type":"ListItem","position":1,"name":"Prodejn\u00ed podm\u00ednky","item":"https:\/\/www.ruti.cz\/prodejni-podminky\/#breadcrumbitem"}]}]