[{"@context":"https:\/\/schema.org\/","@type":"Article","@id":"https:\/\/www.ruti.cz\/nezbytna-dekorace-bytu\/#Article","mainEntityOfPage":"https:\/\/www.ruti.cz\/nezbytna-dekorace-bytu\/","headline":"Nezbytn\u00e1 dekorace bytu","name":"Nezbytn\u00e1 dekorace bytu","description":"Nenahrad\u00edte ji ni\u010d\u00edm v\u00edce ne\u017e v\u00fdb\u011brem dekora\u010dn\u00ed l\u00e1tky nezastupiteln\u00e9 \u017e\u00e1dnou jinou dekorac\u00ed. P\u0159i prvn\u00edm pohledu do interi\u00e9ru V\u00e1s oslovuj\u00ed podv\u011bdom\u011b barvy a tvary, kdy\u017e otev\u0159ete na\u0161i prezentaci, pozn\u00e1te to sami, inspirujte se a uvid\u00edte jak kreativn\u00ed m\u016f\u017eete b\u00fdt p\u0159i za\u0159izov\u00e1n\u00ed bytu. V\u017edy nov\u00fd a jin\u00fd domov Ani v\u011bci a jedine\u010dn\u00e9 kusy n\u00e1bytku \u010di obrazy nevyniknou tak c\u00edlen\u011b, jak byste cht\u011bli, pokud v pokoji nebudete m\u00edt jednoduch\u00fd pastelov\u00fd z\u00e1v\u011bs se zaj\u00edmav\u00fdm \u0159asen\u00edm t\u0159eba jen po jedn\u00e9 stran\u011b okna nebo mezi nimi. Vzory a barvy, kter\u00e9 na\u0161e dekora\u010dn\u00ed l\u00e1tky v t\u00e9 nejvy\u0161\u0161\u00ed kvalit\u011b V\u00e1\u0161 interi\u00e9r ud\u011blaj\u00ed skute\u010dn\u011b obytn\u00fdm, budou vytv\u00e1\u0159et styl sv\u011btla a st\u00ednu jednotliv\u00fdch p\u0159edm\u011bt\u016f. V\u00e1\u0161<!--hoot-read-more-quicktag-->","datePublished":"2025-01-09","dateModified":"2025-01-09","author":{"@type":"Person","@id":"https:\/\/www.ruti.cz\/author\/#Person","name":"","url":"https:\/\/www.ruti.cz\/author\/","identifier":1,"image":{"@type":"ImageObject","@id":"https:\/\/secure.gravatar.com\/avatar\/188853cc08cfc4af3f5ef42e51d7aa754653be0300e41daf30a10471d44d4592?s=96&d=mm&r=g","url":"https:\/\/secure.gravatar.com\/avatar\/188853cc08cfc4af3f5ef42e51d7aa754653be0300e41daf30a10471d44d4592?s=96&d=mm&r=g","height":96,"width":96}},"publisher":{"@type":"Organization","name":"ruti.cz","logo":{"@type":"ImageObject","@id":"\/logo.png","url":"\/logo.png","width":600,"height":60}},"url":"https:\/\/www.ruti.cz\/nezbytna-dekorace-bytu\/","wordCount":171,"articleBody":"Nenahrad\u00edte ji ni\u010d\u00edm v\u00edce ne\u017e v\u00fdb\u011brem dekora\u010dn\u00ed l\u00e1tky nezastupiteln\u00e9 \u017e\u00e1dnou jinou dekorac\u00ed. P\u0159i prvn\u00edm pohledu do interi\u00e9ru V\u00e1s oslovuj\u00ed podv\u011bdom\u011b barvy a tvary, kdy\u017e otev\u0159ete na\u0161i prezentaci, pozn\u00e1te to sami, inspirujte se a uvid\u00edte jak kreativn\u00ed m\u016f\u017eete b\u00fdt p\u0159i za\u0159izov\u00e1n\u00ed bytu.V\u017edy nov\u00fd a jin\u00fd domovAni v\u011bci a jedine\u010dn\u00e9 kusy n\u00e1bytku \u010di obrazy nevyniknou tak c\u00edlen\u011b, jak byste cht\u011bli, pokud v pokoji nebudete m\u00edt jednoduch\u00fd pastelov\u00fd z\u00e1v\u011bs se zaj\u00edmav\u00fdm \u0159asen\u00edm t\u0159eba jen po jedn\u00e9 stran\u011b okna nebo mezi nimi. Vzory a barvy, kter\u00e9 na\u0161e dekora\u010dn\u00ed l\u00e1tky v t\u00e9 nejvy\u0161\u0161\u00ed kvalit\u011b V\u00e1\u0161 interi\u00e9r ud\u011blaj\u00ed skute\u010dn\u011b obytn\u00fdm, budou vytv\u00e1\u0159et styl sv\u011btla a st\u00ednu jednotliv\u00fdch p\u0159edm\u011bt\u016f. V\u00e1\u0161 pokoj bude jin\u00fd v ka\u017ed\u00e9 denn\u00ed hodin\u011b i v noci, z\u00e1v\u011bsy i l\u00e1tka na pohovce.                                                                                                                                                                                                                                                                                                                                                                                                "},{"@context":"https:\/\/schema.org\/","@type":"BreadcrumbList","itemListElement":[{"@type":"ListItem","position":1,"name":"Nezbytn\u00e1 dekorace bytu","item":"https:\/\/www.ruti.cz\/nezbytna-dekorace-bytu\/#breadcrumbitem"}]}]