[{"@context":"https:\/\/schema.org\/","@type":"Article","@id":"https:\/\/www.ruti.cz\/nestarnouci-trendy\/#Article","mainEntityOfPage":"https:\/\/www.ruti.cz\/nestarnouci-trendy\/","headline":"Nest\u00e1rnouc\u00ed trendy","name":"Nest\u00e1rnouc\u00ed trendy","description":"M\u00f3da. To je n\u011bco, co se neust\u00e1le vyv\u00edj\u00ed, m\u011bn\u00ed, ale velmi \u010dasto navrac\u00ed ke sv\u00fdm ko\u0159en\u016fm. Je to pojem vn\u00edm\u00e1n pon\u011bkud subjektivn\u011b, ka\u017ed\u00e9mu asociuje n\u011bco jin\u00e9ho a ka\u017ed\u00fd ho tak\u00e9 jinak uchop\u00ed. Co je jist\u00e9, je to, \u017ee m\u00f3da je tu s n\u00e1mi u\u017e po stalet\u00ed, doprov\u00e1z\u00ed n\u00e1s na ka\u017ed\u00e9m kroku, ani\u017e bychom si to mo\u017en\u00e1 sami uv\u011bdomovali. Vyhl\u00ed\u017e\u00ed na n\u00e1s z\u00a0v\u00fdkladn\u00edch sk\u0159\u00edn\u00ed obchod\u016f, sed\u00ed vedle n\u00e1s v\u00a0autobuse na cest\u011b do \u0161koly \u010di do pr\u00e1ce, podr\u017e\u00ed v\u00e1m dve\u0159e do kav\u00e1rny, anebo utv\u00e1\u0159\u00ed pr\u00e1v\u011b v\u00e1s. Nejnov\u011bj\u0161\u00ed trendy se st\u0159\u00eddaj\u00ed jako na b\u011b\u017e\u00edc\u00edm p\u00e1su, n\u011bkter\u00e9 ale pat\u0159\u00ed mezi st\u00e1lice na v\u011b\u0161\u00e1c\u00edch obchodn\u00edch \u0159et\u011bzc\u016f u\u017e \u0159adu let. Kter\u00e9<!--hoot-read-more-quicktag-->","datePublished":"2025-03-07","dateModified":"2025-03-07","author":{"@type":"Person","@id":"https:\/\/www.ruti.cz\/author\/#Person","name":"","url":"https:\/\/www.ruti.cz\/author\/","identifier":1,"image":{"@type":"ImageObject","@id":"https:\/\/secure.gravatar.com\/avatar\/188853cc08cfc4af3f5ef42e51d7aa754653be0300e41daf30a10471d44d4592?s=96&d=mm&r=g","url":"https:\/\/secure.gravatar.com\/avatar\/188853cc08cfc4af3f5ef42e51d7aa754653be0300e41daf30a10471d44d4592?s=96&d=mm&r=g","height":96,"width":96}},"publisher":{"@type":"Organization","name":"ruti.cz","logo":{"@type":"ImageObject","@id":"\/logo.png","url":"\/logo.png","width":600,"height":60}},"image":{"@type":"ImageObject","@id":"https:\/\/www.ruti.cz\/wp-content\/uploads\/img_a311880_w2055_t1522936824.jpg","url":"https:\/\/www.ruti.cz\/wp-content\/uploads\/img_a311880_w2055_t1522936824.jpg","height":0,"width":0},"url":"https:\/\/www.ruti.cz\/nestarnouci-trendy\/","wordCount":427,"articleBody":"M\u00f3da. To je n\u011bco, co se neust\u00e1le vyv\u00edj\u00ed, m\u011bn\u00ed, ale velmi \u010dasto navrac\u00ed ke sv\u00fdm ko\u0159en\u016fm. Je to pojem vn\u00edm\u00e1n pon\u011bkud subjektivn\u011b, ka\u017ed\u00e9mu asociuje n\u011bco jin\u00e9ho a ka\u017ed\u00fd ho tak\u00e9 jinak uchop\u00ed. Co je jist\u00e9, je to, \u017ee m\u00f3da je tu s n\u00e1mi u\u017e po stalet\u00ed, doprov\u00e1z\u00ed n\u00e1s na ka\u017ed\u00e9m kroku, ani\u017e bychom si to mo\u017en\u00e1 sami uv\u011bdomovali. Vyhl\u00ed\u017e\u00ed na n\u00e1s z\u00a0v\u00fdkladn\u00edch sk\u0159\u00edn\u00ed obchod\u016f, sed\u00ed vedle n\u00e1s v\u00a0autobuse na cest\u011b do \u0161koly \u010di do pr\u00e1ce, podr\u017e\u00ed v\u00e1m dve\u0159e do kav\u00e1rny, anebo utv\u00e1\u0159\u00ed pr\u00e1v\u011b v\u00e1s. Nejnov\u011bj\u0161\u00ed trendy se st\u0159\u00eddaj\u00ed jako na b\u011b\u017e\u00edc\u00edm p\u00e1su, n\u011bkter\u00e9 ale pat\u0159\u00ed mezi st\u00e1lice na v\u011b\u0161\u00e1c\u00edch obchodn\u00edch \u0159et\u011bzc\u016f u\u017e \u0159adu let. Kter\u00e9 to jsou?Zvonov\u00e9 kalhotyVelk\u00fd trend 70. let 20. stolet\u00ed se ve v\u00fdloh\u00e1ch b\u011bhem posledn\u00edch n\u011bkolika let pravideln\u011b opakuje a t\u011b\u0161\u00ed se velk\u00e9mu \u00fasp\u011bchu i na p\u0159ehl\u00eddkov\u00fdch molech.Kv\u011btinov\u00e9 vzoryStejn\u011b jako v\u0161em dob\u0159e zn\u00e1m\u00e9 \u201eZvon\u00e1\u010de\u201c, ani pestrobarevn\u00e9 kv\u011btinov\u00e9 potisky a v\u00fd\u0161ivky neupadly v\u00a0zapomn\u011bn\u00ed. Zdob\u00ed jak tri\u010dka, halenky a \u0161aty, tak i kalhoty a sukn\u011b.PruhyPruhovan\u00e9ho vzoru se hojn\u011b vyu\u017e\u00edv\u00e1 u\u017e od obdob\u00ed St\u0159edov\u011bku, kdy se j\u00edm zdobily \u017eensk\u00e9 \u0161aty i lo\u017en\u00ed pr\u00e1dlo. V\u00a0\u010cesku se pruhy v\u00e1\u017eou hlavn\u011b i lidov\u00e9 kultu\u0159e. Prou\u017ekovan\u00e1 tri\u010dka byla tak\u00e9 sou\u010d\u00e1st\u00ed uniformy francouzsk\u00e9ho n\u00e1mo\u0159nictva a slou\u017eila jim k pohotov\u00e9 identifikaci. Nejv\u00edc tento nest\u00e1rnouc\u00ed vzor ale proslavila n\u00e1vrh\u00e1\u0159ka Coco Chanel a nastolila tak nest\u00e1rnouc\u00ed trend, kter\u00fd ani te\u010f nesm\u00ed chyb\u011bt v\u00a0\u0161atn\u00edku \u017e\u00e1dn\u00e9 \u017eeny.D\u017e\u00ednyNebo tak\u00e9 rifle, jsou pro n\u00e1s \u00fapln\u00fdm z\u00e1kladem \u0161atn\u00edku. Psal se rok 1873, kdy d\u017e\u00edny poprv\u00e9 spat\u0159ily sv\u011btlo sv\u011bta a jsou obl\u00edben\u00e9 dodnes. V\u00a0reg\u00e1lech najdeme nep\u0159ebern\u00e9 mno\u017estv\u00ed st\u0159ih\u016f a proveden\u00ed.Ko\u017een\u00fd K\u0159iv\u00e1kP\u016fvodn\u011b druh bundy ur\u010den\u00fd prim\u00e1rn\u011b motor\u00e1\u0159\u016fm za\u017eil v\u00a0posledn\u00edch letech ohromn\u00fd comeback. Jednou z\u00a0prvn\u00edch, kdo ho vynesla do b\u011b\u017en\u00e9 spole\u010dnosti, byla here\u010dka Marlon Brando v roce 1953. O t\u00e9 doby se K\u0159iv\u00e1k stal sv\u011btov\u00fdm trendem. Aby tak\u00e9 ne, vypad\u00e1 skv\u011ble a hod\u00ed se t\u00e9m\u011b\u0159 ke v\u0161emu.                                                                                                                                                                                                                                                                                                                                                                                                "},{"@context":"https:\/\/schema.org\/","@type":"BreadcrumbList","itemListElement":[{"@type":"ListItem","position":1,"name":"Nest\u00e1rnouc\u00ed trendy","item":"https:\/\/www.ruti.cz\/nestarnouci-trendy\/#breadcrumbitem"}]}]