[{"@context":"https:\/\/schema.org\/","@type":"Article","@id":"https:\/\/www.ruti.cz\/hudba-jako-symbol-dnesni-doby\/#Article","mainEntityOfPage":"https:\/\/www.ruti.cz\/hudba-jako-symbol-dnesni-doby\/","headline":"Hudba jako symbol dne\u0161n\u00ed doby","name":"Hudba jako symbol dne\u0161n\u00ed doby","description":"Um\u011bn\u00ed v dne\u0161n\u00ed dob\u011b by se dalo nazvat jako postmodern\u00ed, stejn\u011b jako cel\u00e1 spole\u010dnost. Snad je to proto, \u017ee v r\u00e1mci historie cel\u00e9 na\u0161\u00ed spole\u010dnosti ji\u017e bylo v\u0161e vy\u010derp\u00e1no a my jsme odsouzeni k tomu, abychom jen opakovali to, co ji\u017e p\u0159ed n\u00e1mi n\u011bkdo vymyslel a vytvo\u0159il. Dne\u0161n\u00ed stav je tak abnorm\u00e1ln\u00ed, \u017ee jej ani ti nejvzd\u011blan\u011bj\u0161\u00ed filozofov\u00e9 nejsou schopni popsat. V\u017edy\u0165 to jist\u011b poci\u0165ujeme i sami na sob\u011b. V\u0161echno jaksi ji\u017e bylo \u0159e\u010deno a nen\u00ed co v\u00edc dodat. Tak n\u011bjak by se dal shrnout https:\/\/en.wiktionary.org\/wiki\/shrnout n\u00e1\u0161 \u017eivot. Z tohoto hlediska je mo\u017en\u00e9 pochopit mnoho probl\u00e9m\u016f, se kter\u00fdmi se dne\u0161n\u00ed spole\u010dnost mus\u00ed pot\u00fdkat. P\u0159esto, \u017ee<!--hoot-read-more-quicktag-->","datePublished":"2024-09-14","dateModified":"2024-09-14","author":{"@type":"Person","@id":"https:\/\/www.ruti.cz\/author\/#Person","name":"","url":"https:\/\/www.ruti.cz\/author\/","identifier":1,"image":{"@type":"ImageObject","@id":"https:\/\/secure.gravatar.com\/avatar\/188853cc08cfc4af3f5ef42e51d7aa754653be0300e41daf30a10471d44d4592?s=96&d=mm&r=g","url":"https:\/\/secure.gravatar.com\/avatar\/188853cc08cfc4af3f5ef42e51d7aa754653be0300e41daf30a10471d44d4592?s=96&d=mm&r=g","height":96,"width":96}},"publisher":{"@type":"Organization","name":"ruti.cz","logo":{"@type":"ImageObject","@id":"\/logo.png","url":"\/logo.png","width":600,"height":60}},"image":{"@type":"ImageObject","@id":"https:\/\/www.ruti.cz\/wp-content\/uploads\/hudba_5.jpg","url":"https:\/\/www.ruti.cz\/wp-content\/uploads\/hudba_5.jpg","height":0,"width":0},"url":"https:\/\/www.ruti.cz\/hudba-jako-symbol-dnesni-doby\/","about":["Slu\u017eby"],"wordCount":425,"articleBody":"   Um\u011bn\u00ed v dne\u0161n\u00ed dob\u011b by se dalo nazvat jako postmodern\u00ed, stejn\u011b jako cel\u00e1 spole\u010dnost. Snad je to proto, \u017ee v r\u00e1mci historie cel\u00e9 na\u0161\u00ed spole\u010dnosti ji\u017e bylo v\u0161e vy\u010derp\u00e1no a my jsme odsouzeni k tomu, abychom jen opakovali to, co ji\u017e p\u0159ed n\u00e1mi n\u011bkdo vymyslel a vytvo\u0159il. Dne\u0161n\u00ed stav je tak abnorm\u00e1ln\u00ed, \u017ee jej ani ti nejvzd\u011blan\u011bj\u0161\u00ed filozofov\u00e9 nejsou schopni popsat. V\u017edy\u0165 to jist\u011b poci\u0165ujeme i sami na sob\u011b. V\u0161echno jaksi ji\u017e bylo \u0159e\u010deno a nen\u00ed co v\u00edc dodat. Tak n\u011bjak by se dal shrnout  https:\/\/en.wiktionary.org\/wiki\/shrnout n\u00e1\u0161 \u017eivot. Z tohoto hlediska je mo\u017en\u00e9 pochopit mnoho probl\u00e9m\u016f, se kter\u00fdmi se dne\u0161n\u00ed spole\u010dnost mus\u00ed pot\u00fdkat. P\u0159esto, \u017ee jsme tv\u00e1\u0159\u00ed v tv\u00e1\u0159 postaveni takto razantn\u00edmu a krut\u00e9mu \u00fasudku, nem\u016f\u017eeme mu slep\u011b podlehnout. I kdy\u017e se to zd\u00e1 mnohdy nesmysln\u00e9, mus\u00edme se tomuto pocitu postavit. I kdybychom stokr\u00e1t m\u011bli pocit, \u017ee je v\u0161e dokon\u010deno a my nem\u00e1me kam j\u00edt d\u00e1l, nesm\u00edme z\u016fstat st\u00e1t na m\u00edst\u011b. Ze v\u0161ech sil se mus\u00edme nutit j\u00edt d\u00e1l. Jen\u017ee, co znamen\u00e1 j\u00edt d\u00e1l? A jak\u00fdm sm\u011brem to v\u016fbec je? Mo\u017en\u00e1 je vhodn\u00e9 vr\u00e1tit se o krok zp\u011bt a poslouchat autory minul\u00fdch dob. A\u0165 u\u017e se jedn\u00e1 o skladatele nebo kni\u017en\u00ed spisovatele, je vhodn\u00e9 nepodce\u0148ovat to, co mohou \u0159\u00edci dne\u0161n\u00ed generaci. Tito lid\u00e9 m\u011bli ur\u010dit\u00fdm zp\u016fsobem bli\u017e\u0161\u00ed kontakt s opravdov\u00fdm \u017eivotem a byli tak schopni tomuto \u017eivotu l\u00e9pe porozum\u011bt. A a\u010dkoli se tato moudra mohou zd\u00e1t nevyu\u017eiteln\u00e1 v na\u0161e \u017eivot\u011b, pokud je aplikujete, pochop\u00edte, \u017ee jsou p\u0159esn\u011b to, po \u010dem nev\u011bdomky dne\u0161n\u00ed lid\u00e9 tou\u017e\u00ed. Ale jak se k t\u011bmto jejich tez\u00edm dostat? Sta\u010d\u00ed nav\u0161t\u00edvit koncert v\u00e1\u017en\u00e9 hudby Praha nebo p\u0159e\u010d\u00edst si knihu autora, o kter\u00e9m v\u00edte, \u017ee V\u00e1m osobn\u011b m\u00e1 co \u0159\u00edci. Zjist\u00edte tak, \u017ee se nejedn\u00e1 pouze o p\u0159\u00edjemn\u011b str\u00e1ven\u00fd \u010das, ale tak\u00e9 o n\u011bco, co V\u00e1m pom\u016f\u017ee ke \u0161\u0165astn\u011bj\u0161\u00edmu \u017eivotu v n\u00e1sleduj\u00edc\u00edch letech. Mo\u017en\u00e1 se V\u00e1m i tak bude zd\u00e1t, \u017ee nejste pochopeni. Opak ale bude pravdou, Vy sami si budete rozum\u011bt jako nikdy p\u0159edt\u00edm.                                                                                                                                                                                                                                                                                                                                                                                                   "},{"@context":"https:\/\/schema.org\/","@type":"BreadcrumbList","itemListElement":[{"@type":"ListItem","position":1,"name":"Hudba jako symbol dne\u0161n\u00ed doby","item":"https:\/\/www.ruti.cz\/hudba-jako-symbol-dnesni-doby\/#breadcrumbitem"}]}]